{"id":3944,"date":"2026-04-03T17:19:39","date_gmt":"2026-04-03T15:19:39","guid":{"rendered":"https:\/\/lesgaletsdemarion.com\/?p=3944"},"modified":"2026-04-13T13:23:49","modified_gmt":"2026-04-13T11:23:49","slug":"ateliers-de-loisirs-creatifs-vacances-avrils-2026-a-marseille-9eme","status":"publish","type":"post","link":"https:\/\/lesgaletsdemarion.com\/index.php\/2026\/04\/03\/ateliers-de-loisirs-creatifs-vacances-avrils-2026-a-marseille-9eme\/","title":{"rendered":"Ateliers de loisirs cr\u00e9atifs vacances avril 2026 \u00e0 Marseille 9\u00e8me"},"content":{"rendered":"\t\t<div data-elementor-type=\"wp-post\" data-elementor-id=\"3944\" class=\"elementor elementor-3944\" data-elementor-post-type=\"post\">\n\t\t\t\t<div class=\"elementor-element elementor-element-499a0ebc e-flex e-con-boxed e-con e-parent\" data-id=\"499a0ebc\" data-element_type=\"container\" data-e-type=\"container\">\n\t\t\t\t\t<div class=\"e-con-inner\">\n\t\t\t\t<div class=\"elementor-element elementor-element-4719fcac elementor-widget elementor-widget-text-editor\" data-id=\"4719fcac\" data-element_type=\"widget\" data-e-type=\"widget\" data-widget_type=\"text-editor.default\">\n\t\t\t\t<div class=\"elementor-widget-container\">\n\t\t\t\t\t\t\t\t\t<p>Envie de partager un moment doux, cr\u00e9atif et plein de bonne humeur pendant les vacances d\u2019avril ?<br \/>Je vous propose de d\u00e9couvrir mes ateliers de peinture sur galets <a id=\"www.lesgaletsdemarion.com\" href=\"http:\/\/www.lesgaletsdemarion.com\" type=\"link\"><em>Les galets de Marion<\/em>,<\/a> organis\u00e9s \u00e0 Marseille dans le 9e arrondissement.<\/p>\n<p>\u00a0<\/p>\n<p><!-- \/wp:paragraph --><!-- wp:heading --><\/p>\n<h2 class=\"wp-block-heading\"><img decoding=\"async\" class=\"emoji\" role=\"img\" draggable=\"false\" src=\"https:\/\/s.w.org\/images\/core\/emoji\/17.0.2\/svg\/1f33f.svg\" alt=\"\ud83c\udf3f\" \/> Une activit\u00e9 cr\u00e9ative et naturelle<\/h2>\n<p><!-- \/wp:heading --><!-- wp:paragraph --><\/p>\n<p>La peinture sur galet est une activit\u00e9 apaisante et accessible \u00e0 tous. \u00c0 partir de galets naturels, chacun peut laisser parler son imagination et cr\u00e9er une petite \u0153uvre unique.<\/p>\n<p><!-- \/wp:paragraph --><!-- wp:paragraph --><\/p>\n<p>Animaux, motifs color\u00e9s, messages positifs\u2026 chaque galet devient un objet d\u00e9coratif plein de charme \u00e0 garder ou \u00e0 offrir.<\/p>\n<p>\u00a0<\/p>\n<p><!-- \/wp:paragraph --><!-- wp:heading --><\/p>\n<h2 class=\"wp-block-heading\"><img decoding=\"async\" class=\"emoji\" role=\"img\" draggable=\"false\" src=\"https:\/\/s.w.org\/images\/core\/emoji\/17.0.2\/svg\/1f468-200d-1f469-200d-1f467-200d-1f466.svg\" alt=\"\ud83d\udc68\u200d\ud83d\udc69\u200d\ud83d\udc67\u200d\ud83d\udc66\" \/> Un moment \u00e0 partager entre amis ou en famille<\/h2>\n<p><!-- \/wp:heading --><!-- wp:paragraph --><\/p>\n<p>Les ateliers sont ouverts \u00e0 tous :<\/p>\n<p><!-- \/wp:paragraph --><!-- wp:list --><\/p>\n<ul class=\"wp-block-list\">\n<li style=\"list-style-type: none;\">\n<ul class=\"wp-block-list\"><!-- wp:list-item --><\/ul>\n<\/li>\n<\/ul>\n<ul class=\"wp-block-list\">\n<li style=\"list-style-type: none;\">\n<ul class=\"wp-block-list\">\n<li>enfants d\u00e8s 4 ans<\/li>\n<\/ul>\n<\/li>\n<\/ul>\n<p><!-- \/wp:list-item --><!-- wp:list-item --><\/p>\n<ul class=\"wp-block-list\">\n<li style=\"list-style-type: none;\">\n<ul class=\"wp-block-list\">\n<li>parents<\/li>\n<\/ul>\n<\/li>\n<\/ul>\n<p><!-- \/wp:list-item --><!-- wp:list-item --><\/p>\n<ul class=\"wp-block-list\">\n<li style=\"list-style-type: none;\">\n<ul class=\"wp-block-list\">\n<li>grands-parents<\/li>\n<\/ul>\n<\/li>\n<\/ul>\n<p><!-- \/wp:list-item --><\/p>\n<p><!-- \/wp:list --><!-- wp:paragraph --><\/p>\n<p>C\u2019est une activit\u00e9 id\u00e9ale \u00e0 partager en famille. Aucun niveau n\u2019est n\u00e9cessaire : m\u00eame si vous pensez ne pas \u00eatre cr\u00e9atif, vous serez surpris de ce que vous \u00eates capable de r\u00e9aliser !<\/p>\n<p>\u00a0<\/p>\n<p><!-- \/wp:paragraph --><!-- wp:heading --><\/p>\n<h2 class=\"wp-block-heading\"><img decoding=\"async\" class=\"emoji\" role=\"img\" draggable=\"false\" src=\"https:\/\/s.w.org\/images\/core\/emoji\/17.0.2\/svg\/1f3a8.svg\" alt=\"\ud83c\udfa8\" \/> Un accompagnement pas \u00e0 pas<\/h2>\n<p><!-- \/wp:heading --><!-- wp:paragraph --><\/p>\n<p>Je vous accompagne tout au long de l\u2019atelier dans une ambiance chaleureuse et bienveillante.<\/p>\n<p><!-- \/wp:paragraph --><!-- wp:paragraph --><\/p>\n<p>Vous serez guid\u00e9 \u00e9tape par \u00e9tape, avec des conseils simples pour vous aider \u00e0 cr\u00e9er en toute confiance.<br \/>Tout le mat\u00e9riel est fourni : galets, peintures, pinceaux\u2026 vous n\u2019avez rien \u00e0 pr\u00e9voir, juste l\u2019envie de passer un bon moment.<\/p>\n<p>\u00a0<\/p>\n<p><!-- \/wp:paragraph --><!-- wp:paragraph --><\/p>\n<h2><img decoding=\"async\" class=\"emoji\" role=\"img\" draggable=\"false\" src=\"https:\/\/s.w.org\/images\/core\/emoji\/17.0.2\/svg\/1f4c5.svg\" alt=\"\ud83d\udcc5\" \/> Dates et horaires des ateliers des vacances d&rsquo;avril \u00e0 Marseille 9\u00e8me<\/h2>\n<p><!-- \/wp:paragraph --><!-- wp:paragraph --><\/p>\n<p>Voici les cr\u00e9neaux propos\u00e9s pendant les vacances d\u2019avril 2026 :<\/p>\n<p><!-- \/wp:paragraph --><!-- wp:list --><\/p>\n<ul class=\"wp-block-list\">\n<li style=\"list-style-type: none;\">\n<ul class=\"wp-block-list\"><!-- wp:list-item --><\/ul>\n<\/li>\n<\/ul>\n<ul class=\"wp-block-list\">\n<li style=\"list-style-type: none;\">\n<ul class=\"wp-block-list\">\n<li><b>Samedi 11 avril : 10h00 \u2013 12h00 et 14h00 \u2013 16h00<\/b><\/li>\n<\/ul>\n<\/li>\n<\/ul>\n<p><!-- \/wp:list-item --><!-- wp:list-item --><\/p>\n<ul class=\"wp-block-list\">\n<li style=\"list-style-type: none;\">\n<ul class=\"wp-block-list\">\n<li><b>Mercredi 15 avril : 14h00 \u2013 16h00<\/b><\/li>\n<\/ul>\n<\/li>\n<\/ul>\n<p><!-- \/wp:list-item --><!-- wp:list-item --><\/p>\n<ul class=\"wp-block-list\">\n<li style=\"list-style-type: none;\">\n<ul class=\"wp-block-list\">\n<li><b>Mercredi 22 avril : 10h-12h et 14h00 \u2013 16h00<\/b><b>\u00a0<\/b><\/li>\n<\/ul>\n<\/li>\n<\/ul>\n<p><!-- \/wp:list-item --><\/p>\n<p><!-- \/wp:list --><!-- wp:image {\"id\":3948,\"sizeSlug\":\"large\",\"linkDestination\":\"none\"} --><\/p>\n<p><!-- \/wp:image --><!-- wp:paragraph --><\/p>\n<p><img decoding=\"async\" class=\"emoji\" role=\"img\" draggable=\"false\" src=\"https:\/\/s.w.org\/images\/core\/emoji\/17.0.2\/svg\/1f449.svg\" alt=\"\ud83d\udc49\" \/> Si ces dates ne correspondent pas \u00e0 vos disponibilit\u00e9s, n\u2019h\u00e9sitez pas \u00e0 me contacter. Nous pourrons organiser ensemble un autre cr\u00e9neau adapt\u00e9. Je peux aussi animer un <a href=\"https:\/\/lesgaletsdemarion.com\/index.php\/marseille-activites-creatives-intergenerationnelles-peinture-sur-galets-ateliers-loisirs-creatifs-a-domicile\/\"><b>atelier privatis\u00e9 \u00e0 votre domicile avec toute votre famille!<\/b><\/a><\/p>\n<p>\u00a0<\/p>\n<p><!-- \/wp:paragraph --><!-- wp:heading --><\/p>\n<h2 class=\"wp-block-heading\"><img decoding=\"async\" class=\"emoji\" role=\"img\" draggable=\"false\" src=\"https:\/\/s.w.org\/images\/core\/emoji\/17.0.2\/svg\/2728.svg\" alt=\"\u2728\" \/> Repartez avec votre cr\u00e9ation<\/h2>\n<p><!-- \/wp:heading --><!-- wp:paragraph --><\/p>\n<p>\u00c0 la fin de chaque atelier, vous repartez avec votre cr\u00e9ation unique de galets peints.<br \/>Un joli souvenir fait main, unique et rempli de votre cr\u00e9ativit\u00e9.<\/p>\n<p>\u00a0<\/p>\n<p><!-- \/wp:paragraph --><!-- wp:paragraph --><\/p>\n<h2><img decoding=\"async\" class=\"emoji\" role=\"img\" draggable=\"false\" src=\"https:\/\/s.w.org\/images\/core\/emoji\/17.0.2\/svg\/1f4b6.svg\" alt=\"\ud83d\udcb6\" \/> Tarif et r\u00e9servation<\/h2>\n<p><!-- \/wp:paragraph --><!-- wp:paragraph --><\/p>\n<p>Tarif unique : <strong>20 \u20ac par participant<\/strong><\/p>\n<p><!-- \/wp:paragraph --><!-- wp:paragraph --><\/p>\n<p>R\u00e9servation obligatoire au : <strong>07 80 96 78 49<\/strong><\/p>\n<p><!-- \/wp:paragraph --><!-- wp:paragraph --><\/p>\n<p>\u00a0<\/p>\n<p><!-- \/wp:paragraph --><!-- wp:paragraph --><\/p>\n<p>Les <b>places<\/b> \u00e9tant <b>limit\u00e9es,<\/b> pensez \u00e0 r\u00e9server \u00e0 l\u2019avance.<\/p>\n<p>\u00a0<\/p>\n<p><!-- \/wp:paragraph --><!-- wp:heading --><\/p>\n<h2 class=\"wp-block-heading\"><img decoding=\"async\" class=\"emoji\" role=\"img\" draggable=\"false\" src=\"https:\/\/s.w.org\/images\/core\/emoji\/17.0.2\/svg\/1f31e.svg\" alt=\"\ud83c\udf1e\" \/> Une vraie pause cr\u00e9ative et originale pendant les vacances<\/h2>\n<p><!-- \/wp:heading --><!-- wp:paragraph --><\/p>\n<p>Ces ateliers sont une belle occasion de ralentir, de cr\u00e9er et de partager un moment convivial.<br \/>Seul, en famille ou entre amis, venez profiter d\u2019une parenth\u00e8se artistique et repartez fi\u00e8re de vous et avec le sourire.<\/p>\n<p><!-- \/wp:paragraph --><!-- wp:paragraph --><\/p>\n<p>N&rsquo;attendez pas r\u00e9servez vite vos places au\u00a0<\/p>\n<p><b>07 80 96 78 49<\/b><\/p>\n<p><!-- \/wp:paragraph --><!-- wp:paragraph --><\/p>\n<p><!-- \/wp:paragraph --><\/p>\t\t\t\t\t\t\t\t<\/div>\n\t\t\t\t<\/div>\n\t\t\t\t\t<\/div>\n\t\t\t\t<\/div>\n\t\t<div class=\"elementor-element elementor-element-cad3ae9 e-flex e-con-boxed e-con e-parent\" data-id=\"cad3ae9\" data-element_type=\"container\" data-e-type=\"container\">\n\t\t\t\t\t<div class=\"e-con-inner\">\n\t\t\t\t<div class=\"elementor-element elementor-element-d4f0609 elementor-align-center elementor-widget elementor-widget-button\" data-id=\"d4f0609\" data-element_type=\"widget\" data-e-type=\"widget\" data-widget_type=\"button.default\">\n\t\t\t\t<div class=\"elementor-widget-container\">\n\t\t\t\t\t\t\t\t\t<div class=\"elementor-button-wrapper\">\n\t\t\t\t\t<a class=\"elementor-button elementor-button-link elementor-size-xs\" href=\"https:\/\/lesgaletsdemarion.com\/index.php\/contact-us\/\">\n\t\t\t\t\t\t<span class=\"elementor-button-content-wrapper\">\n\t\t\t\t\t\t\t\t\t<span class=\"elementor-button-text\">reserver<\/span>\n\t\t\t\t\t<\/span>\n\t\t\t\t\t<\/a>\n\t\t\t\t<\/div>\n\t\t\t\t\t\t\t\t<\/div>\n\t\t\t\t<\/div>\n\t\t\t\t\t<\/div>\n\t\t\t\t<\/div>\n\t\t<div class=\"elementor-element elementor-element-07d9415 e-flex e-con-boxed e-con e-parent\" data-id=\"07d9415\" data-element_type=\"container\" data-e-type=\"container\">\n\t\t\t\t\t<div class=\"e-con-inner\">\n\t\t\t\t<div class=\"elementor-element elementor-element-a26ccd2 elementor-widget elementor-widget-image\" data-id=\"a26ccd2\" data-element_type=\"widget\" data-e-type=\"widget\" data-widget_type=\"image.default\">\n\t\t\t\t<div class=\"elementor-widget-container\">\n\t\t\t\t\t\t\t\t\t\t\t\t\t\t\t<img fetchpriority=\"high\" decoding=\"async\" width=\"683\" height=\"1024\" src=\"https:\/\/lesgaletsdemarion.com\/wp-content\/uploads\/2026\/04\/les-mercredis-creatifs-de-epintures-sur-galets-a-Marseille-9-683x1024.png\" class=\"attachment-large size-large wp-image-3967\" alt=\"les mercredis cr\u00e9atifs de epintures sur galets \u00e0 Marseille 9\" srcset=\"https:\/\/lesgaletsdemarion.com\/wp-content\/uploads\/2026\/04\/les-mercredis-creatifs-de-epintures-sur-galets-a-Marseille-9-683x1024.png 683w, https:\/\/lesgaletsdemarion.com\/wp-content\/uploads\/2026\/04\/les-mercredis-creatifs-de-epintures-sur-galets-a-Marseille-9-200x300.png 200w, https:\/\/lesgaletsdemarion.com\/wp-content\/uploads\/2026\/04\/les-mercredis-creatifs-de-epintures-sur-galets-a-Marseille-9-768x1152.png 768w, https:\/\/lesgaletsdemarion.com\/wp-content\/uploads\/2026\/04\/les-mercredis-creatifs-de-epintures-sur-galets-a-Marseille-9-600x900.png 600w, https:\/\/lesgaletsdemarion.com\/wp-content\/uploads\/2026\/04\/les-mercredis-creatifs-de-epintures-sur-galets-a-Marseille-9.png 1024w\" sizes=\"(max-width: 683px) 100vw, 683px\" style=\"width:100%;height:150%;max-width:1024px\" \/>\t\t\t\t\t\t\t\t\t\t\t\t\t\t\t<\/div>\n\t\t\t\t<\/div>\n\t\t\t\t\t<\/div>\n\t\t\t\t<\/div>\n\t\t\t\t<\/div>\n\t\t","protected":false},"excerpt":{"rendered":"<p>Envie de partager un moment doux, cr\u00e9atif et plein de bonne humeur pendant les vacances d\u2019avril ?Je vous propose de d\u00e9couvrir mes ateliers de peinture sur galets Les galets de Marion, organis\u00e9s \u00e0 Marseille dans le 9e arrondissement. \u00a0 Une activit\u00e9 cr\u00e9ative et naturelle La peinture sur galet est une activit\u00e9 apaisante et accessible \u00e0&hellip; <a class=\"more-link\" href=\"https:\/\/lesgaletsdemarion.com\/index.php\/2026\/04\/03\/ateliers-de-loisirs-creatifs-vacances-avrils-2026-a-marseille-9eme\/\">Poursuivre la lecture <span class=\"screen-reader-text\">Ateliers de loisirs cr\u00e9atifs vacances avril 2026 \u00e0 Marseille 9\u00e8me<\/span><\/a><\/p>\n","protected":false},"author":1,"featured_media":3942,"comment_status":"open","ping_status":"open","sticky":false,"template":"","format":"standard","meta":{"footnotes":""},"categories":[1],"tags":[],"class_list":["post-3944","post","type-post","status-publish","format-standard","has-post-thumbnail","hentry","category-blog","entry"],"yoast_head":"<!-- This site is optimized with the Yoast SEO plugin v27.5 - https:\/\/yoast.com\/product\/yoast-seo-wordpress\/ -->\n<title>Ateliers de loisirs cr\u00e9atifs vacances avril 2026 \u00e0 Marseille 9\u00e8me - Les Galets de Marion<\/title>\n<meta name=\"description\" content=\"Participez \u00e0 un atelier de peinture sur galets \u00e0 Marseille 9e pendant les vacances d\u2019avril 2026. Activit\u00e9 cr\u00e9ative pour petits et grands, mat\u00e9riel inclus. R\u00e9servation obligatoire.\" \/>\n<meta name=\"robots\" content=\"index, follow, max-snippet:-1, max-image-preview:large, max-video-preview:-1\" \/>\n<link rel=\"canonical\" href=\"https:\/\/lesgaletsdemarion.com\/index.php\/2026\/04\/03\/ateliers-de-loisirs-creatifs-vacances-avrils-2026-a-marseille-9eme\/\" \/>\n<meta property=\"og:locale\" content=\"fr_FR\" \/>\n<meta property=\"og:type\" content=\"article\" \/>\n<meta property=\"og:title\" content=\"Ateliers de loisirs cr\u00e9atifs vacances avril 2026 \u00e0 Marseille 9\u00e8me - Les Galets de Marion\" \/>\n<meta property=\"og:description\" content=\"Participez \u00e0 un atelier de peinture sur galets \u00e0 Marseille 9e pendant les vacances d\u2019avril 2026. Activit\u00e9 cr\u00e9ative pour petits et grands, mat\u00e9riel inclus. R\u00e9servation obligatoire.\" \/>\n<meta property=\"og:url\" content=\"https:\/\/lesgaletsdemarion.com\/index.php\/2026\/04\/03\/ateliers-de-loisirs-creatifs-vacances-avrils-2026-a-marseille-9eme\/\" \/>\n<meta property=\"og:site_name\" content=\"Les Galets de Marion\" \/>\n<meta property=\"article:publisher\" content=\"https:\/\/www.facebook.com\/lesgaletsdemarion\/\" \/>\n<meta property=\"article:author\" content=\"https:\/\/www.facebook.com\/lesgaletsdemarion?locale=fr_FR\" \/>\n<meta property=\"article:published_time\" content=\"2026-04-03T15:19:39+00:00\" \/>\n<meta property=\"article:modified_time\" content=\"2026-04-13T11:23:49+00:00\" \/>\n<meta property=\"og:image\" content=\"https:\/\/lesgaletsdemarion.com\/wp-content\/uploads\/2026\/04\/Sans-titre.png\" \/>\n\t<meta property=\"og:image:width\" content=\"807\" \/>\n\t<meta property=\"og:image:height\" content=\"566\" \/>\n\t<meta property=\"og:image:type\" content=\"image\/png\" \/>\n<meta name=\"author\" content=\"lesgaletsdemarion\" \/>\n<meta name=\"twitter:card\" content=\"summary_large_image\" \/>\n<meta name=\"twitter:label1\" content=\"\u00c9crit par\" \/>\n\t<meta name=\"twitter:data1\" content=\"lesgaletsdemarion\" \/>\n\t<meta name=\"twitter:label2\" content=\"Dur\u00e9e de lecture estim\u00e9e\" \/>\n\t<meta name=\"twitter:data2\" content=\"4 minutes\" \/>\n<script type=\"application\/ld+json\" class=\"yoast-schema-graph\">{\"@context\":\"https:\\\/\\\/schema.org\",\"@graph\":[{\"@type\":\"Article\",\"@id\":\"https:\\\/\\\/lesgaletsdemarion.com\\\/index.php\\\/2026\\\/04\\\/03\\\/ateliers-de-loisirs-creatifs-vacances-avrils-2026-a-marseille-9eme\\\/#article\",\"isPartOf\":{\"@id\":\"https:\\\/\\\/lesgaletsdemarion.com\\\/index.php\\\/2026\\\/04\\\/03\\\/ateliers-de-loisirs-creatifs-vacances-avrils-2026-a-marseille-9eme\\\/\"},\"author\":{\"name\":\"lesgaletsdemarion\",\"@id\":\"https:\\\/\\\/lesgaletsdemarion.com\\\/#\\\/schema\\\/person\\\/834caeb3bf6733c4269dfdcfc2214e5e\"},\"headline\":\"Ateliers de loisirs cr\u00e9atifs vacances avril 2026 \u00e0 Marseille 9\u00e8me\",\"datePublished\":\"2026-04-03T15:19:39+00:00\",\"dateModified\":\"2026-04-13T11:23:49+00:00\",\"mainEntityOfPage\":{\"@id\":\"https:\\\/\\\/lesgaletsdemarion.com\\\/index.php\\\/2026\\\/04\\\/03\\\/ateliers-de-loisirs-creatifs-vacances-avrils-2026-a-marseille-9eme\\\/\"},\"wordCount\":410,\"commentCount\":0,\"publisher\":{\"@id\":\"https:\\\/\\\/lesgaletsdemarion.com\\\/#organization\"},\"image\":{\"@id\":\"https:\\\/\\\/lesgaletsdemarion.com\\\/index.php\\\/2026\\\/04\\\/03\\\/ateliers-de-loisirs-creatifs-vacances-avrils-2026-a-marseille-9eme\\\/#primaryimage\"},\"thumbnailUrl\":\"https:\\\/\\\/lesgaletsdemarion.com\\\/wp-content\\\/uploads\\\/2026\\\/04\\\/Sans-titre.png\",\"articleSection\":[\"Blog\"],\"inLanguage\":\"fr-FR\",\"potentialAction\":[{\"@type\":\"CommentAction\",\"name\":\"Comment\",\"target\":[\"https:\\\/\\\/lesgaletsdemarion.com\\\/index.php\\\/2026\\\/04\\\/03\\\/ateliers-de-loisirs-creatifs-vacances-avrils-2026-a-marseille-9eme\\\/#respond\"]}]},{\"@type\":\"WebPage\",\"@id\":\"https:\\\/\\\/lesgaletsdemarion.com\\\/index.php\\\/2026\\\/04\\\/03\\\/ateliers-de-loisirs-creatifs-vacances-avrils-2026-a-marseille-9eme\\\/\",\"url\":\"https:\\\/\\\/lesgaletsdemarion.com\\\/index.php\\\/2026\\\/04\\\/03\\\/ateliers-de-loisirs-creatifs-vacances-avrils-2026-a-marseille-9eme\\\/\",\"name\":\"Ateliers de loisirs cr\u00e9atifs vacances avril 2026 \u00e0 Marseille 9\u00e8me - Les Galets de Marion\",\"isPartOf\":{\"@id\":\"https:\\\/\\\/lesgaletsdemarion.com\\\/#website\"},\"primaryImageOfPage\":{\"@id\":\"https:\\\/\\\/lesgaletsdemarion.com\\\/index.php\\\/2026\\\/04\\\/03\\\/ateliers-de-loisirs-creatifs-vacances-avrils-2026-a-marseille-9eme\\\/#primaryimage\"},\"image\":{\"@id\":\"https:\\\/\\\/lesgaletsdemarion.com\\\/index.php\\\/2026\\\/04\\\/03\\\/ateliers-de-loisirs-creatifs-vacances-avrils-2026-a-marseille-9eme\\\/#primaryimage\"},\"thumbnailUrl\":\"https:\\\/\\\/lesgaletsdemarion.com\\\/wp-content\\\/uploads\\\/2026\\\/04\\\/Sans-titre.png\",\"datePublished\":\"2026-04-03T15:19:39+00:00\",\"dateModified\":\"2026-04-13T11:23:49+00:00\",\"description\":\"Participez \u00e0 un atelier de peinture sur galets \u00e0 Marseille 9e pendant les vacances d\u2019avril 2026. Activit\u00e9 cr\u00e9ative pour petits et grands, mat\u00e9riel inclus. R\u00e9servation obligatoire.\",\"breadcrumb\":{\"@id\":\"https:\\\/\\\/lesgaletsdemarion.com\\\/index.php\\\/2026\\\/04\\\/03\\\/ateliers-de-loisirs-creatifs-vacances-avrils-2026-a-marseille-9eme\\\/#breadcrumb\"},\"inLanguage\":\"fr-FR\",\"potentialAction\":[{\"@type\":\"ReadAction\",\"target\":[\"https:\\\/\\\/lesgaletsdemarion.com\\\/index.php\\\/2026\\\/04\\\/03\\\/ateliers-de-loisirs-creatifs-vacances-avrils-2026-a-marseille-9eme\\\/\"]}]},{\"@type\":\"ImageObject\",\"inLanguage\":\"fr-FR\",\"@id\":\"https:\\\/\\\/lesgaletsdemarion.com\\\/index.php\\\/2026\\\/04\\\/03\\\/ateliers-de-loisirs-creatifs-vacances-avrils-2026-a-marseille-9eme\\\/#primaryimage\",\"url\":\"https:\\\/\\\/lesgaletsdemarion.com\\\/wp-content\\\/uploads\\\/2026\\\/04\\\/Sans-titre.png\",\"contentUrl\":\"https:\\\/\\\/lesgaletsdemarion.com\\\/wp-content\\\/uploads\\\/2026\\\/04\\\/Sans-titre.png\",\"width\":807,\"height\":566,\"caption\":\"Sans titre\"},{\"@type\":\"BreadcrumbList\",\"@id\":\"https:\\\/\\\/lesgaletsdemarion.com\\\/index.php\\\/2026\\\/04\\\/03\\\/ateliers-de-loisirs-creatifs-vacances-avrils-2026-a-marseille-9eme\\\/#breadcrumb\",\"itemListElement\":[{\"@type\":\"ListItem\",\"position\":1,\"name\":\"Accueil\",\"item\":\"https:\\\/\\\/lesgaletsdemarion.com\\\/\"},{\"@type\":\"ListItem\",\"position\":2,\"name\":\"Ateliers de loisirs cr\u00e9atifs vacances avril 2026 \u00e0 Marseille 9\u00e8me\"}]},{\"@type\":\"WebSite\",\"@id\":\"https:\\\/\\\/lesgaletsdemarion.com\\\/#website\",\"url\":\"https:\\\/\\\/lesgaletsdemarion.com\\\/\",\"name\":\"Les Galets de Marion\",\"description\":\"Cr\u00e9ations de peinture sur galets animation d&#039;ateliers loisirs cr\u00e9atifs et d&#039;anniversaire cr\u00e9atifs sur Marseille\",\"publisher\":{\"@id\":\"https:\\\/\\\/lesgaletsdemarion.com\\\/#organization\"},\"potentialAction\":[{\"@type\":\"SearchAction\",\"target\":{\"@type\":\"EntryPoint\",\"urlTemplate\":\"https:\\\/\\\/lesgaletsdemarion.com\\\/?s={search_term_string}\"},\"query-input\":{\"@type\":\"PropertyValueSpecification\",\"valueRequired\":true,\"valueName\":\"search_term_string\"}}],\"inLanguage\":\"fr-FR\"},{\"@type\":\"Organization\",\"@id\":\"https:\\\/\\\/lesgaletsdemarion.com\\\/#organization\",\"name\":\"Les Galets de Marion\",\"url\":\"https:\\\/\\\/lesgaletsdemarion.com\\\/\",\"logo\":{\"@type\":\"ImageObject\",\"inLanguage\":\"fr-FR\",\"@id\":\"https:\\\/\\\/lesgaletsdemarion.com\\\/#\\\/schema\\\/logo\\\/image\\\/\",\"url\":\"https:\\\/\\\/lesgaletsdemarion.com\\\/wp-content\\\/uploads\\\/2023\\\/08\\\/Logo_GDM_Bleu.png\",\"contentUrl\":\"https:\\\/\\\/lesgaletsdemarion.com\\\/wp-content\\\/uploads\\\/2023\\\/08\\\/Logo_GDM_Bleu.png\",\"width\":927,\"height\":926,\"caption\":\"Les Galets de Marion\"},\"image\":{\"@id\":\"https:\\\/\\\/lesgaletsdemarion.com\\\/#\\\/schema\\\/logo\\\/image\\\/\"},\"sameAs\":[\"https:\\\/\\\/www.facebook.com\\\/lesgaletsdemarion\\\/\",\"https:\\\/\\\/www.instagram.com\\\/lesgaletsdemarion\\\/\"]},{\"@type\":\"Person\",\"@id\":\"https:\\\/\\\/lesgaletsdemarion.com\\\/#\\\/schema\\\/person\\\/834caeb3bf6733c4269dfdcfc2214e5e\",\"name\":\"lesgaletsdemarion\",\"image\":{\"@type\":\"ImageObject\",\"inLanguage\":\"fr-FR\",\"@id\":\"https:\\\/\\\/secure.gravatar.com\\\/avatar\\\/f0a4ccafbd6d8196c3cc5f474bf445831ba860c6628564a91474cc3e5a30431c?s=96&d=mm&r=g\",\"url\":\"https:\\\/\\\/secure.gravatar.com\\\/avatar\\\/f0a4ccafbd6d8196c3cc5f474bf445831ba860c6628564a91474cc3e5a30431c?s=96&d=mm&r=g\",\"contentUrl\":\"https:\\\/\\\/secure.gravatar.com\\\/avatar\\\/f0a4ccafbd6d8196c3cc5f474bf445831ba860c6628564a91474cc3e5a30431c?s=96&d=mm&r=g\",\"caption\":\"lesgaletsdemarion\"},\"description\":\"Les galets de Marion vous proposent depuis 2021 des cr\u00e9ations uniques et personnalis\u00e9es de peinture sur galets, des animations d'ateliers de loisirs cr\u00e9atifs sur Marseille 9eme arrondissement et des animations d'anniversaires \u00e0 domicile dans Marseille et ses alentours proches. Retrouvez Les galets de Marion sur les march\u00e9s cr\u00e9ateurs sur Marseille et Cassis\",\"sameAs\":[\"https:\\\/\\\/lesgaletsdemarion.com\",\"https:\\\/\\\/www.facebook.com\\\/lesgaletsdemarion?locale=fr_FR\"],\"url\":\"https:\\\/\\\/lesgaletsdemarion.com\\\/index.php\\\/author\\\/lesgaletsdemarion\\\/\"}]}<\/script>\n<!-- \/ Yoast SEO plugin. -->","yoast_head_json":{"title":"Ateliers de loisirs cr\u00e9atifs vacances avril 2026 \u00e0 Marseille 9\u00e8me - Les Galets de Marion","description":"Participez \u00e0 un atelier de peinture sur galets \u00e0 Marseille 9e pendant les vacances d\u2019avril 2026. Activit\u00e9 cr\u00e9ative pour petits et grands, mat\u00e9riel inclus. R\u00e9servation obligatoire.","robots":{"index":"index","follow":"follow","max-snippet":"max-snippet:-1","max-image-preview":"max-image-preview:large","max-video-preview":"max-video-preview:-1"},"canonical":"https:\/\/lesgaletsdemarion.com\/index.php\/2026\/04\/03\/ateliers-de-loisirs-creatifs-vacances-avrils-2026-a-marseille-9eme\/","og_locale":"fr_FR","og_type":"article","og_title":"Ateliers de loisirs cr\u00e9atifs vacances avril 2026 \u00e0 Marseille 9\u00e8me - Les Galets de Marion","og_description":"Participez \u00e0 un atelier de peinture sur galets \u00e0 Marseille 9e pendant les vacances d\u2019avril 2026. Activit\u00e9 cr\u00e9ative pour petits et grands, mat\u00e9riel inclus. R\u00e9servation obligatoire.","og_url":"https:\/\/lesgaletsdemarion.com\/index.php\/2026\/04\/03\/ateliers-de-loisirs-creatifs-vacances-avrils-2026-a-marseille-9eme\/","og_site_name":"Les Galets de Marion","article_publisher":"https:\/\/www.facebook.com\/lesgaletsdemarion\/","article_author":"https:\/\/www.facebook.com\/lesgaletsdemarion?locale=fr_FR","article_published_time":"2026-04-03T15:19:39+00:00","article_modified_time":"2026-04-13T11:23:49+00:00","og_image":[{"width":807,"height":566,"url":"https:\/\/lesgaletsdemarion.com\/wp-content\/uploads\/2026\/04\/Sans-titre.png","type":"image\/png"}],"author":"lesgaletsdemarion","twitter_card":"summary_large_image","twitter_misc":{"\u00c9crit par":"lesgaletsdemarion","Dur\u00e9e de lecture estim\u00e9e":"4 minutes"},"schema":{"@context":"https:\/\/schema.org","@graph":[{"@type":"Article","@id":"https:\/\/lesgaletsdemarion.com\/index.php\/2026\/04\/03\/ateliers-de-loisirs-creatifs-vacances-avrils-2026-a-marseille-9eme\/#article","isPartOf":{"@id":"https:\/\/lesgaletsdemarion.com\/index.php\/2026\/04\/03\/ateliers-de-loisirs-creatifs-vacances-avrils-2026-a-marseille-9eme\/"},"author":{"name":"lesgaletsdemarion","@id":"https:\/\/lesgaletsdemarion.com\/#\/schema\/person\/834caeb3bf6733c4269dfdcfc2214e5e"},"headline":"Ateliers de loisirs cr\u00e9atifs vacances avril 2026 \u00e0 Marseille 9\u00e8me","datePublished":"2026-04-03T15:19:39+00:00","dateModified":"2026-04-13T11:23:49+00:00","mainEntityOfPage":{"@id":"https:\/\/lesgaletsdemarion.com\/index.php\/2026\/04\/03\/ateliers-de-loisirs-creatifs-vacances-avrils-2026-a-marseille-9eme\/"},"wordCount":410,"commentCount":0,"publisher":{"@id":"https:\/\/lesgaletsdemarion.com\/#organization"},"image":{"@id":"https:\/\/lesgaletsdemarion.com\/index.php\/2026\/04\/03\/ateliers-de-loisirs-creatifs-vacances-avrils-2026-a-marseille-9eme\/#primaryimage"},"thumbnailUrl":"https:\/\/lesgaletsdemarion.com\/wp-content\/uploads\/2026\/04\/Sans-titre.png","articleSection":["Blog"],"inLanguage":"fr-FR","potentialAction":[{"@type":"CommentAction","name":"Comment","target":["https:\/\/lesgaletsdemarion.com\/index.php\/2026\/04\/03\/ateliers-de-loisirs-creatifs-vacances-avrils-2026-a-marseille-9eme\/#respond"]}]},{"@type":"WebPage","@id":"https:\/\/lesgaletsdemarion.com\/index.php\/2026\/04\/03\/ateliers-de-loisirs-creatifs-vacances-avrils-2026-a-marseille-9eme\/","url":"https:\/\/lesgaletsdemarion.com\/index.php\/2026\/04\/03\/ateliers-de-loisirs-creatifs-vacances-avrils-2026-a-marseille-9eme\/","name":"Ateliers de loisirs cr\u00e9atifs vacances avril 2026 \u00e0 Marseille 9\u00e8me - Les Galets de Marion","isPartOf":{"@id":"https:\/\/lesgaletsdemarion.com\/#website"},"primaryImageOfPage":{"@id":"https:\/\/lesgaletsdemarion.com\/index.php\/2026\/04\/03\/ateliers-de-loisirs-creatifs-vacances-avrils-2026-a-marseille-9eme\/#primaryimage"},"image":{"@id":"https:\/\/lesgaletsdemarion.com\/index.php\/2026\/04\/03\/ateliers-de-loisirs-creatifs-vacances-avrils-2026-a-marseille-9eme\/#primaryimage"},"thumbnailUrl":"https:\/\/lesgaletsdemarion.com\/wp-content\/uploads\/2026\/04\/Sans-titre.png","datePublished":"2026-04-03T15:19:39+00:00","dateModified":"2026-04-13T11:23:49+00:00","description":"Participez \u00e0 un atelier de peinture sur galets \u00e0 Marseille 9e pendant les vacances d\u2019avril 2026. Activit\u00e9 cr\u00e9ative pour petits et grands, mat\u00e9riel inclus. R\u00e9servation obligatoire.","breadcrumb":{"@id":"https:\/\/lesgaletsdemarion.com\/index.php\/2026\/04\/03\/ateliers-de-loisirs-creatifs-vacances-avrils-2026-a-marseille-9eme\/#breadcrumb"},"inLanguage":"fr-FR","potentialAction":[{"@type":"ReadAction","target":["https:\/\/lesgaletsdemarion.com\/index.php\/2026\/04\/03\/ateliers-de-loisirs-creatifs-vacances-avrils-2026-a-marseille-9eme\/"]}]},{"@type":"ImageObject","inLanguage":"fr-FR","@id":"https:\/\/lesgaletsdemarion.com\/index.php\/2026\/04\/03\/ateliers-de-loisirs-creatifs-vacances-avrils-2026-a-marseille-9eme\/#primaryimage","url":"https:\/\/lesgaletsdemarion.com\/wp-content\/uploads\/2026\/04\/Sans-titre.png","contentUrl":"https:\/\/lesgaletsdemarion.com\/wp-content\/uploads\/2026\/04\/Sans-titre.png","width":807,"height":566,"caption":"Sans titre"},{"@type":"BreadcrumbList","@id":"https:\/\/lesgaletsdemarion.com\/index.php\/2026\/04\/03\/ateliers-de-loisirs-creatifs-vacances-avrils-2026-a-marseille-9eme\/#breadcrumb","itemListElement":[{"@type":"ListItem","position":1,"name":"Accueil","item":"https:\/\/lesgaletsdemarion.com\/"},{"@type":"ListItem","position":2,"name":"Ateliers de loisirs cr\u00e9atifs vacances avril 2026 \u00e0 Marseille 9\u00e8me"}]},{"@type":"WebSite","@id":"https:\/\/lesgaletsdemarion.com\/#website","url":"https:\/\/lesgaletsdemarion.com\/","name":"Les Galets de Marion","description":"Cr\u00e9ations de peinture sur galets animation d&#039;ateliers loisirs cr\u00e9atifs et d&#039;anniversaire cr\u00e9atifs sur Marseille","publisher":{"@id":"https:\/\/lesgaletsdemarion.com\/#organization"},"potentialAction":[{"@type":"SearchAction","target":{"@type":"EntryPoint","urlTemplate":"https:\/\/lesgaletsdemarion.com\/?s={search_term_string}"},"query-input":{"@type":"PropertyValueSpecification","valueRequired":true,"valueName":"search_term_string"}}],"inLanguage":"fr-FR"},{"@type":"Organization","@id":"https:\/\/lesgaletsdemarion.com\/#organization","name":"Les Galets de Marion","url":"https:\/\/lesgaletsdemarion.com\/","logo":{"@type":"ImageObject","inLanguage":"fr-FR","@id":"https:\/\/lesgaletsdemarion.com\/#\/schema\/logo\/image\/","url":"https:\/\/lesgaletsdemarion.com\/wp-content\/uploads\/2023\/08\/Logo_GDM_Bleu.png","contentUrl":"https:\/\/lesgaletsdemarion.com\/wp-content\/uploads\/2023\/08\/Logo_GDM_Bleu.png","width":927,"height":926,"caption":"Les Galets de Marion"},"image":{"@id":"https:\/\/lesgaletsdemarion.com\/#\/schema\/logo\/image\/"},"sameAs":["https:\/\/www.facebook.com\/lesgaletsdemarion\/","https:\/\/www.instagram.com\/lesgaletsdemarion\/"]},{"@type":"Person","@id":"https:\/\/lesgaletsdemarion.com\/#\/schema\/person\/834caeb3bf6733c4269dfdcfc2214e5e","name":"lesgaletsdemarion","image":{"@type":"ImageObject","inLanguage":"fr-FR","@id":"https:\/\/secure.gravatar.com\/avatar\/f0a4ccafbd6d8196c3cc5f474bf445831ba860c6628564a91474cc3e5a30431c?s=96&d=mm&r=g","url":"https:\/\/secure.gravatar.com\/avatar\/f0a4ccafbd6d8196c3cc5f474bf445831ba860c6628564a91474cc3e5a30431c?s=96&d=mm&r=g","contentUrl":"https:\/\/secure.gravatar.com\/avatar\/f0a4ccafbd6d8196c3cc5f474bf445831ba860c6628564a91474cc3e5a30431c?s=96&d=mm&r=g","caption":"lesgaletsdemarion"},"description":"Les galets de Marion vous proposent depuis 2021 des cr\u00e9ations uniques et personnalis\u00e9es de peinture sur galets, des animations d'ateliers de loisirs cr\u00e9atifs sur Marseille 9eme arrondissement et des animations d'anniversaires \u00e0 domicile dans Marseille et ses alentours proches. Retrouvez Les galets de Marion sur les march\u00e9s cr\u00e9ateurs sur Marseille et Cassis","sameAs":["https:\/\/lesgaletsdemarion.com","https:\/\/www.facebook.com\/lesgaletsdemarion?locale=fr_FR"],"url":"https:\/\/lesgaletsdemarion.com\/index.php\/author\/lesgaletsdemarion\/"}]}},"_links":{"self":[{"href":"https:\/\/lesgaletsdemarion.com\/index.php\/wp-json\/wp\/v2\/posts\/3944","targetHints":{"allow":["GET"]}}],"collection":[{"href":"https:\/\/lesgaletsdemarion.com\/index.php\/wp-json\/wp\/v2\/posts"}],"about":[{"href":"https:\/\/lesgaletsdemarion.com\/index.php\/wp-json\/wp\/v2\/types\/post"}],"author":[{"embeddable":true,"href":"https:\/\/lesgaletsdemarion.com\/index.php\/wp-json\/wp\/v2\/users\/1"}],"replies":[{"embeddable":true,"href":"https:\/\/lesgaletsdemarion.com\/index.php\/wp-json\/wp\/v2\/comments?post=3944"}],"version-history":[{"count":15,"href":"https:\/\/lesgaletsdemarion.com\/index.php\/wp-json\/wp\/v2\/posts\/3944\/revisions"}],"predecessor-version":[{"id":3970,"href":"https:\/\/lesgaletsdemarion.com\/index.php\/wp-json\/wp\/v2\/posts\/3944\/revisions\/3970"}],"wp:featuredmedia":[{"embeddable":true,"href":"https:\/\/lesgaletsdemarion.com\/index.php\/wp-json\/wp\/v2\/media\/3942"}],"wp:attachment":[{"href":"https:\/\/lesgaletsdemarion.com\/index.php\/wp-json\/wp\/v2\/media?parent=3944"}],"wp:term":[{"taxonomy":"category","embeddable":true,"href":"https:\/\/lesgaletsdemarion.com\/index.php\/wp-json\/wp\/v2\/categories?post=3944"},{"taxonomy":"post_tag","embeddable":true,"href":"https:\/\/lesgaletsdemarion.com\/index.php\/wp-json\/wp\/v2\/tags?post=3944"}],"curies":[{"name":"wp","href":"https:\/\/api.w.org\/{rel}","templated":true}]}}