{"id":3713,"date":"2026-02-05T21:41:17","date_gmt":"2026-02-05T20:41:17","guid":{"rendered":"https:\/\/lesgaletsdemarion.com\/?p=3713"},"modified":"2026-02-05T21:55:24","modified_gmt":"2026-02-05T20:55:24","slug":"offrez-vous-une-bulle-de-creativite-pendant-les-vacances-de-fevrier","status":"publish","type":"post","link":"https:\/\/lesgaletsdemarion.com\/index.php\/2026\/02\/05\/offrez-vous-une-bulle-de-creativite-pendant-les-vacances-de-fevrier\/","title":{"rendered":"Offrez vous une bulle de cr\u00e9ativit\u00e9 pendant les vacances de f\u00e9vrier"},"content":{"rendered":"\t\t<div data-elementor-type=\"wp-post\" data-elementor-id=\"3713\" class=\"elementor elementor-3713\" data-elementor-post-type=\"post\">\n\t\t\t\t<div class=\"elementor-element elementor-element-01a2aac e-flex e-con-boxed e-con e-parent\" data-id=\"01a2aac\" data-element_type=\"container\" data-e-type=\"container\">\n\t\t\t\t\t<div class=\"e-con-inner\">\n\t\t\t\t<div class=\"elementor-element elementor-element-a79518b elementor-widget elementor-widget-image\" data-id=\"a79518b\" data-element_type=\"widget\" data-e-type=\"widget\" data-widget_type=\"image.default\">\n\t\t\t\t<div class=\"elementor-widget-container\">\n\t\t\t\t\t\t\t\t\t\t\t\t\t\t\t<img fetchpriority=\"high\" decoding=\"async\" width=\"750\" height=\"1061\" src=\"https:\/\/lesgaletsdemarion.com\/wp-content\/uploads\/2026\/02\/ateliers-de-peinture-sur-galets-fevrier-2026-les-galets-de-Marion-Marseille-9-768x1086.png\" class=\"attachment-medium_large size-medium_large wp-image-3684\" alt=\"ateliers de peinture sur galets f\u00e9vrier 2026 les galets de Marion Marseille 9\" srcset=\"https:\/\/lesgaletsdemarion.com\/wp-content\/uploads\/2026\/02\/ateliers-de-peinture-sur-galets-fevrier-2026-les-galets-de-Marion-Marseille-9-768x1086.png 768w, https:\/\/lesgaletsdemarion.com\/wp-content\/uploads\/2026\/02\/ateliers-de-peinture-sur-galets-fevrier-2026-les-galets-de-Marion-Marseille-9-212x300.png 212w, https:\/\/lesgaletsdemarion.com\/wp-content\/uploads\/2026\/02\/ateliers-de-peinture-sur-galets-fevrier-2026-les-galets-de-Marion-Marseille-9-724x1024.png 724w, https:\/\/lesgaletsdemarion.com\/wp-content\/uploads\/2026\/02\/ateliers-de-peinture-sur-galets-fevrier-2026-les-galets-de-Marion-Marseille-9-1086x1536.png 1086w, https:\/\/lesgaletsdemarion.com\/wp-content\/uploads\/2026\/02\/ateliers-de-peinture-sur-galets-fevrier-2026-les-galets-de-Marion-Marseille-9-600x849.png 600w, https:\/\/lesgaletsdemarion.com\/wp-content\/uploads\/2026\/02\/ateliers-de-peinture-sur-galets-fevrier-2026-les-galets-de-Marion-Marseille-9.png 1414w\" sizes=\"(max-width: 750px) 100vw, 750px\" style=\"width:100%;height:141.44%;max-width:1414px\" \/>\t\t\t\t\t\t\t\t\t\t\t\t\t\t\t<\/div>\n\t\t\t\t<\/div>\n\t\t\t\t\t<\/div>\n\t\t\t\t<\/div>\n\t\t<div class=\"elementor-element elementor-element-3037d3f7 e-flex e-con-boxed e-con e-parent\" data-id=\"3037d3f7\" data-element_type=\"container\" data-e-type=\"container\">\n\t\t\t\t\t<div class=\"e-con-inner\">\n\t\t\t\t<div class=\"elementor-element elementor-element-13a21f60 elementor-widget elementor-widget-text-editor\" data-id=\"13a21f60\" data-element_type=\"widget\" data-e-type=\"widget\" data-widget_type=\"text-editor.default\">\n\t\t\t\t<div class=\"elementor-widget-container\">\n\t\t\t\t\t\t\t\t\t<p>Et si vous profitiez des vacances de f\u00e9vrier pour venir cr\u00e9er dans l&rsquo;atelier des galets de Marion dans le 9\u00e8me?<\/p>\n<p><!-- \/wp:paragraph --><!-- wp:heading --><\/p>\n<h2 class=\"wp-block-heading\">Un lieu unique \u00e0 Marseille 9\u00e8me pour vous rassembler entre amis ou en famille et laisser place \u00e0 votre imagination.<\/h2>\n<p><!-- \/wp:heading --><!-- wp:paragraph --><\/p>\n<p>Activit\u00e9 adapt\u00e9e \u00e0 tous \u00e0 partir de 4 ans.<\/p>\n<p>\u00a0<\/p>\n<p><!-- \/wp:paragraph --><!-- wp:heading --><\/p>\n<h2 class=\"wp-block-heading\">Au programme : 2 heures de cr\u00e9ation avec \u00e0 votre disposition tout le mat\u00e9riel n\u00e9cessaire fourni (peinture, galets, accessoires de loisirs cr\u00e9atifs, support&#8230;).<\/h2>\n<div>\u00a0<\/div>\n<p><!-- \/wp:heading --><!-- wp:paragraph --><\/p>\n<p>Ne tardez pas \u00e0 r\u00e9server vos places, elles sont limit\u00e9es!<\/p>\n<p><!-- \/wp:paragraph --><!-- wp:paragraph --><\/p>\n<p>Plus d&rsquo;informations sur <a href=\"https:\/\/lesgaletsdemarion.com\/index.php\/ateliers-creatifs-peinture-sur-galets-marseille-tout-public\/\">les galets de Marion<\/a> ou par t\u00e9l\u00e9phone 07 80 96 78 49<\/p>\n<p><!-- \/wp:paragraph --><\/p>\t\t\t\t\t\t\t\t<\/div>\n\t\t\t\t<\/div>\n\t\t\t\t\t<\/div>\n\t\t\t\t<\/div>\n\t\t\t\t<\/div>\n\t\t","protected":false},"excerpt":{"rendered":"<p>Et si vous profitiez des vacances de f\u00e9vrier pour venir cr\u00e9er dans l&rsquo;atelier des galets de Marion dans le 9\u00e8me? Un lieu unique \u00e0 Marseille 9\u00e8me pour vous rassembler entre amis ou en famille et laisser place \u00e0 votre imagination. Activit\u00e9 adapt\u00e9e \u00e0 tous \u00e0 partir de 4 ans. \u00a0 Au programme : 2 heures&hellip; <a class=\"more-link\" href=\"https:\/\/lesgaletsdemarion.com\/index.php\/2026\/02\/05\/offrez-vous-une-bulle-de-creativite-pendant-les-vacances-de-fevrier\/\">Poursuivre la lecture <span class=\"screen-reader-text\">Offrez vous une bulle de cr\u00e9ativit\u00e9 pendant les vacances de f\u00e9vrier<\/span><\/a><\/p>\n","protected":false},"author":1,"featured_media":0,"comment_status":"open","ping_status":"open","sticky":false,"template":"","format":"standard","meta":{"footnotes":""},"categories":[1],"tags":[],"class_list":["post-3713","post","type-post","status-publish","format-standard","hentry","category-blog","entry"],"yoast_head":"<!-- This site is optimized with the Yoast SEO plugin v27.5 - https:\/\/yoast.com\/product\/yoast-seo-wordpress\/ -->\n<title>Offrez vous une bulle de cr\u00e9ativit\u00e9 pendant les vacances de f\u00e9vrier - Les Galets de Marion<\/title>\n<meta name=\"description\" content=\"Ateliers loisir cr\u00e9atif vacances de f\u00e9vrier Marseille 9eme tout public. Les galets de Marion vous guident dans votre cr\u00e9ation. Sur r\u00e9servation\" \/>\n<meta name=\"robots\" content=\"index, follow, max-snippet:-1, max-image-preview:large, max-video-preview:-1\" \/>\n<link rel=\"canonical\" href=\"https:\/\/lesgaletsdemarion.com\/index.php\/2026\/02\/05\/offrez-vous-une-bulle-de-creativite-pendant-les-vacances-de-fevrier\/\" \/>\n<meta property=\"og:locale\" content=\"fr_FR\" \/>\n<meta property=\"og:type\" content=\"article\" \/>\n<meta property=\"og:title\" content=\"Offrez vous une bulle de cr\u00e9ativit\u00e9 pendant les vacances de f\u00e9vrier - Les Galets de Marion\" \/>\n<meta property=\"og:description\" content=\"Ateliers loisir cr\u00e9atif vacances de f\u00e9vrier Marseille 9eme tout public. Les galets de Marion vous guident dans votre cr\u00e9ation. Sur r\u00e9servation\" \/>\n<meta property=\"og:url\" content=\"https:\/\/lesgaletsdemarion.com\/index.php\/2026\/02\/05\/offrez-vous-une-bulle-de-creativite-pendant-les-vacances-de-fevrier\/\" \/>\n<meta property=\"og:site_name\" content=\"Les Galets de Marion\" \/>\n<meta property=\"article:publisher\" content=\"https:\/\/www.facebook.com\/lesgaletsdemarion\/\" \/>\n<meta property=\"article:author\" content=\"https:\/\/www.facebook.com\/lesgaletsdemarion?locale=fr_FR\" \/>\n<meta property=\"article:published_time\" content=\"2026-02-05T20:41:17+00:00\" \/>\n<meta property=\"article:modified_time\" content=\"2026-02-05T20:55:24+00:00\" \/>\n<meta property=\"og:image\" content=\"https:\/\/lesgaletsdemarion.com\/wp-content\/uploads\/2026\/02\/ateliers-de-peinture-sur-galets-fevrier-2026-les-galets-de-Marion-Marseille-9.png\" \/>\n\t<meta property=\"og:image:width\" content=\"1414\" \/>\n\t<meta property=\"og:image:height\" content=\"2000\" \/>\n\t<meta property=\"og:image:type\" content=\"image\/png\" \/>\n<meta name=\"author\" content=\"lesgaletsdemarion\" \/>\n<meta name=\"twitter:card\" content=\"summary_large_image\" \/>\n<meta name=\"twitter:label1\" content=\"\u00c9crit par\" \/>\n\t<meta name=\"twitter:data1\" content=\"lesgaletsdemarion\" \/>\n\t<meta name=\"twitter:label2\" content=\"Dur\u00e9e de lecture estim\u00e9e\" \/>\n\t<meta name=\"twitter:data2\" content=\"1 minute\" \/>\n<script type=\"application\/ld+json\" class=\"yoast-schema-graph\">{\"@context\":\"https:\\\/\\\/schema.org\",\"@graph\":[{\"@type\":\"Article\",\"@id\":\"https:\\\/\\\/lesgaletsdemarion.com\\\/index.php\\\/2026\\\/02\\\/05\\\/offrez-vous-une-bulle-de-creativite-pendant-les-vacances-de-fevrier\\\/#article\",\"isPartOf\":{\"@id\":\"https:\\\/\\\/lesgaletsdemarion.com\\\/index.php\\\/2026\\\/02\\\/05\\\/offrez-vous-une-bulle-de-creativite-pendant-les-vacances-de-fevrier\\\/\"},\"author\":{\"name\":\"lesgaletsdemarion\",\"@id\":\"https:\\\/\\\/lesgaletsdemarion.com\\\/#\\\/schema\\\/person\\\/834caeb3bf6733c4269dfdcfc2214e5e\"},\"headline\":\"Offrez vous une bulle de cr\u00e9ativit\u00e9 pendant les vacances de f\u00e9vrier\",\"datePublished\":\"2026-02-05T20:41:17+00:00\",\"dateModified\":\"2026-02-05T20:55:24+00:00\",\"mainEntityOfPage\":{\"@id\":\"https:\\\/\\\/lesgaletsdemarion.com\\\/index.php\\\/2026\\\/02\\\/05\\\/offrez-vous-une-bulle-de-creativite-pendant-les-vacances-de-fevrier\\\/\"},\"wordCount\":109,\"commentCount\":0,\"publisher\":{\"@id\":\"https:\\\/\\\/lesgaletsdemarion.com\\\/#organization\"},\"image\":{\"@id\":\"https:\\\/\\\/lesgaletsdemarion.com\\\/index.php\\\/2026\\\/02\\\/05\\\/offrez-vous-une-bulle-de-creativite-pendant-les-vacances-de-fevrier\\\/#primaryimage\"},\"thumbnailUrl\":\"https:\\\/\\\/lesgaletsdemarion.com\\\/wp-content\\\/uploads\\\/2026\\\/02\\\/ateliers-de-peinture-sur-galets-fevrier-2026-les-galets-de-Marion-Marseille-9-768x1086.png\",\"articleSection\":[\"Blog\"],\"inLanguage\":\"fr-FR\",\"potentialAction\":[{\"@type\":\"CommentAction\",\"name\":\"Comment\",\"target\":[\"https:\\\/\\\/lesgaletsdemarion.com\\\/index.php\\\/2026\\\/02\\\/05\\\/offrez-vous-une-bulle-de-creativite-pendant-les-vacances-de-fevrier\\\/#respond\"]}]},{\"@type\":\"WebPage\",\"@id\":\"https:\\\/\\\/lesgaletsdemarion.com\\\/index.php\\\/2026\\\/02\\\/05\\\/offrez-vous-une-bulle-de-creativite-pendant-les-vacances-de-fevrier\\\/\",\"url\":\"https:\\\/\\\/lesgaletsdemarion.com\\\/index.php\\\/2026\\\/02\\\/05\\\/offrez-vous-une-bulle-de-creativite-pendant-les-vacances-de-fevrier\\\/\",\"name\":\"Offrez vous une bulle de cr\u00e9ativit\u00e9 pendant les vacances de f\u00e9vrier - Les Galets de Marion\",\"isPartOf\":{\"@id\":\"https:\\\/\\\/lesgaletsdemarion.com\\\/#website\"},\"primaryImageOfPage\":{\"@id\":\"https:\\\/\\\/lesgaletsdemarion.com\\\/index.php\\\/2026\\\/02\\\/05\\\/offrez-vous-une-bulle-de-creativite-pendant-les-vacances-de-fevrier\\\/#primaryimage\"},\"image\":{\"@id\":\"https:\\\/\\\/lesgaletsdemarion.com\\\/index.php\\\/2026\\\/02\\\/05\\\/offrez-vous-une-bulle-de-creativite-pendant-les-vacances-de-fevrier\\\/#primaryimage\"},\"thumbnailUrl\":\"https:\\\/\\\/lesgaletsdemarion.com\\\/wp-content\\\/uploads\\\/2026\\\/02\\\/ateliers-de-peinture-sur-galets-fevrier-2026-les-galets-de-Marion-Marseille-9-768x1086.png\",\"datePublished\":\"2026-02-05T20:41:17+00:00\",\"dateModified\":\"2026-02-05T20:55:24+00:00\",\"description\":\"Ateliers loisir cr\u00e9atif vacances de f\u00e9vrier Marseille 9eme tout public. Les galets de Marion vous guident dans votre cr\u00e9ation. Sur r\u00e9servation\",\"breadcrumb\":{\"@id\":\"https:\\\/\\\/lesgaletsdemarion.com\\\/index.php\\\/2026\\\/02\\\/05\\\/offrez-vous-une-bulle-de-creativite-pendant-les-vacances-de-fevrier\\\/#breadcrumb\"},\"inLanguage\":\"fr-FR\",\"potentialAction\":[{\"@type\":\"ReadAction\",\"target\":[\"https:\\\/\\\/lesgaletsdemarion.com\\\/index.php\\\/2026\\\/02\\\/05\\\/offrez-vous-une-bulle-de-creativite-pendant-les-vacances-de-fevrier\\\/\"]}]},{\"@type\":\"ImageObject\",\"inLanguage\":\"fr-FR\",\"@id\":\"https:\\\/\\\/lesgaletsdemarion.com\\\/index.php\\\/2026\\\/02\\\/05\\\/offrez-vous-une-bulle-de-creativite-pendant-les-vacances-de-fevrier\\\/#primaryimage\",\"url\":\"https:\\\/\\\/lesgaletsdemarion.com\\\/wp-content\\\/uploads\\\/2026\\\/02\\\/ateliers-de-peinture-sur-galets-fevrier-2026-les-galets-de-Marion-Marseille-9.png\",\"contentUrl\":\"https:\\\/\\\/lesgaletsdemarion.com\\\/wp-content\\\/uploads\\\/2026\\\/02\\\/ateliers-de-peinture-sur-galets-fevrier-2026-les-galets-de-Marion-Marseille-9.png\",\"width\":1414,\"height\":2000,\"caption\":\"ateliers de peinture sur galets f\u00e9vrier 2026 les galets de Marion Marseille 9\"},{\"@type\":\"BreadcrumbList\",\"@id\":\"https:\\\/\\\/lesgaletsdemarion.com\\\/index.php\\\/2026\\\/02\\\/05\\\/offrez-vous-une-bulle-de-creativite-pendant-les-vacances-de-fevrier\\\/#breadcrumb\",\"itemListElement\":[{\"@type\":\"ListItem\",\"position\":1,\"name\":\"Accueil\",\"item\":\"https:\\\/\\\/lesgaletsdemarion.com\\\/\"},{\"@type\":\"ListItem\",\"position\":2,\"name\":\"Offrez vous une bulle de cr\u00e9ativit\u00e9 pendant les vacances de f\u00e9vrier\"}]},{\"@type\":\"WebSite\",\"@id\":\"https:\\\/\\\/lesgaletsdemarion.com\\\/#website\",\"url\":\"https:\\\/\\\/lesgaletsdemarion.com\\\/\",\"name\":\"Les Galets de Marion\",\"description\":\"Cr\u00e9ations de peinture sur galets animation d&#039;ateliers loisirs cr\u00e9atifs et d&#039;anniversaire cr\u00e9atifs sur Marseille\",\"publisher\":{\"@id\":\"https:\\\/\\\/lesgaletsdemarion.com\\\/#organization\"},\"potentialAction\":[{\"@type\":\"SearchAction\",\"target\":{\"@type\":\"EntryPoint\",\"urlTemplate\":\"https:\\\/\\\/lesgaletsdemarion.com\\\/?s={search_term_string}\"},\"query-input\":{\"@type\":\"PropertyValueSpecification\",\"valueRequired\":true,\"valueName\":\"search_term_string\"}}],\"inLanguage\":\"fr-FR\"},{\"@type\":\"Organization\",\"@id\":\"https:\\\/\\\/lesgaletsdemarion.com\\\/#organization\",\"name\":\"Les Galets de Marion\",\"url\":\"https:\\\/\\\/lesgaletsdemarion.com\\\/\",\"logo\":{\"@type\":\"ImageObject\",\"inLanguage\":\"fr-FR\",\"@id\":\"https:\\\/\\\/lesgaletsdemarion.com\\\/#\\\/schema\\\/logo\\\/image\\\/\",\"url\":\"https:\\\/\\\/lesgaletsdemarion.com\\\/wp-content\\\/uploads\\\/2023\\\/08\\\/Logo_GDM_Bleu.png\",\"contentUrl\":\"https:\\\/\\\/lesgaletsdemarion.com\\\/wp-content\\\/uploads\\\/2023\\\/08\\\/Logo_GDM_Bleu.png\",\"width\":927,\"height\":926,\"caption\":\"Les Galets de Marion\"},\"image\":{\"@id\":\"https:\\\/\\\/lesgaletsdemarion.com\\\/#\\\/schema\\\/logo\\\/image\\\/\"},\"sameAs\":[\"https:\\\/\\\/www.facebook.com\\\/lesgaletsdemarion\\\/\",\"https:\\\/\\\/www.instagram.com\\\/lesgaletsdemarion\\\/\"]},{\"@type\":\"Person\",\"@id\":\"https:\\\/\\\/lesgaletsdemarion.com\\\/#\\\/schema\\\/person\\\/834caeb3bf6733c4269dfdcfc2214e5e\",\"name\":\"lesgaletsdemarion\",\"image\":{\"@type\":\"ImageObject\",\"inLanguage\":\"fr-FR\",\"@id\":\"https:\\\/\\\/secure.gravatar.com\\\/avatar\\\/f0a4ccafbd6d8196c3cc5f474bf445831ba860c6628564a91474cc3e5a30431c?s=96&d=mm&r=g\",\"url\":\"https:\\\/\\\/secure.gravatar.com\\\/avatar\\\/f0a4ccafbd6d8196c3cc5f474bf445831ba860c6628564a91474cc3e5a30431c?s=96&d=mm&r=g\",\"contentUrl\":\"https:\\\/\\\/secure.gravatar.com\\\/avatar\\\/f0a4ccafbd6d8196c3cc5f474bf445831ba860c6628564a91474cc3e5a30431c?s=96&d=mm&r=g\",\"caption\":\"lesgaletsdemarion\"},\"description\":\"Les galets de Marion vous proposent depuis 2021 des cr\u00e9ations uniques et personnalis\u00e9es de peinture sur galets, des animations d'ateliers de loisirs cr\u00e9atifs sur Marseille 9eme arrondissement et des animations d'anniversaires \u00e0 domicile dans Marseille et ses alentours proches. Retrouvez Les galets de Marion sur les march\u00e9s cr\u00e9ateurs sur Marseille et Cassis\",\"sameAs\":[\"https:\\\/\\\/lesgaletsdemarion.com\",\"https:\\\/\\\/www.facebook.com\\\/lesgaletsdemarion?locale=fr_FR\"],\"url\":\"https:\\\/\\\/lesgaletsdemarion.com\\\/index.php\\\/author\\\/lesgaletsdemarion\\\/\"}]}<\/script>\n<!-- \/ Yoast SEO plugin. -->","yoast_head_json":{"title":"Offrez vous une bulle de cr\u00e9ativit\u00e9 pendant les vacances de f\u00e9vrier - Les Galets de Marion","description":"Ateliers loisir cr\u00e9atif vacances de f\u00e9vrier Marseille 9eme tout public. Les galets de Marion vous guident dans votre cr\u00e9ation. Sur r\u00e9servation","robots":{"index":"index","follow":"follow","max-snippet":"max-snippet:-1","max-image-preview":"max-image-preview:large","max-video-preview":"max-video-preview:-1"},"canonical":"https:\/\/lesgaletsdemarion.com\/index.php\/2026\/02\/05\/offrez-vous-une-bulle-de-creativite-pendant-les-vacances-de-fevrier\/","og_locale":"fr_FR","og_type":"article","og_title":"Offrez vous une bulle de cr\u00e9ativit\u00e9 pendant les vacances de f\u00e9vrier - Les Galets de Marion","og_description":"Ateliers loisir cr\u00e9atif vacances de f\u00e9vrier Marseille 9eme tout public. Les galets de Marion vous guident dans votre cr\u00e9ation. Sur r\u00e9servation","og_url":"https:\/\/lesgaletsdemarion.com\/index.php\/2026\/02\/05\/offrez-vous-une-bulle-de-creativite-pendant-les-vacances-de-fevrier\/","og_site_name":"Les Galets de Marion","article_publisher":"https:\/\/www.facebook.com\/lesgaletsdemarion\/","article_author":"https:\/\/www.facebook.com\/lesgaletsdemarion?locale=fr_FR","article_published_time":"2026-02-05T20:41:17+00:00","article_modified_time":"2026-02-05T20:55:24+00:00","og_image":[{"width":1414,"height":2000,"url":"https:\/\/lesgaletsdemarion.com\/wp-content\/uploads\/2026\/02\/ateliers-de-peinture-sur-galets-fevrier-2026-les-galets-de-Marion-Marseille-9.png","type":"image\/png"}],"author":"lesgaletsdemarion","twitter_card":"summary_large_image","twitter_misc":{"\u00c9crit par":"lesgaletsdemarion","Dur\u00e9e de lecture estim\u00e9e":"1 minute"},"schema":{"@context":"https:\/\/schema.org","@graph":[{"@type":"Article","@id":"https:\/\/lesgaletsdemarion.com\/index.php\/2026\/02\/05\/offrez-vous-une-bulle-de-creativite-pendant-les-vacances-de-fevrier\/#article","isPartOf":{"@id":"https:\/\/lesgaletsdemarion.com\/index.php\/2026\/02\/05\/offrez-vous-une-bulle-de-creativite-pendant-les-vacances-de-fevrier\/"},"author":{"name":"lesgaletsdemarion","@id":"https:\/\/lesgaletsdemarion.com\/#\/schema\/person\/834caeb3bf6733c4269dfdcfc2214e5e"},"headline":"Offrez vous une bulle de cr\u00e9ativit\u00e9 pendant les vacances de f\u00e9vrier","datePublished":"2026-02-05T20:41:17+00:00","dateModified":"2026-02-05T20:55:24+00:00","mainEntityOfPage":{"@id":"https:\/\/lesgaletsdemarion.com\/index.php\/2026\/02\/05\/offrez-vous-une-bulle-de-creativite-pendant-les-vacances-de-fevrier\/"},"wordCount":109,"commentCount":0,"publisher":{"@id":"https:\/\/lesgaletsdemarion.com\/#organization"},"image":{"@id":"https:\/\/lesgaletsdemarion.com\/index.php\/2026\/02\/05\/offrez-vous-une-bulle-de-creativite-pendant-les-vacances-de-fevrier\/#primaryimage"},"thumbnailUrl":"https:\/\/lesgaletsdemarion.com\/wp-content\/uploads\/2026\/02\/ateliers-de-peinture-sur-galets-fevrier-2026-les-galets-de-Marion-Marseille-9-768x1086.png","articleSection":["Blog"],"inLanguage":"fr-FR","potentialAction":[{"@type":"CommentAction","name":"Comment","target":["https:\/\/lesgaletsdemarion.com\/index.php\/2026\/02\/05\/offrez-vous-une-bulle-de-creativite-pendant-les-vacances-de-fevrier\/#respond"]}]},{"@type":"WebPage","@id":"https:\/\/lesgaletsdemarion.com\/index.php\/2026\/02\/05\/offrez-vous-une-bulle-de-creativite-pendant-les-vacances-de-fevrier\/","url":"https:\/\/lesgaletsdemarion.com\/index.php\/2026\/02\/05\/offrez-vous-une-bulle-de-creativite-pendant-les-vacances-de-fevrier\/","name":"Offrez vous une bulle de cr\u00e9ativit\u00e9 pendant les vacances de f\u00e9vrier - Les Galets de Marion","isPartOf":{"@id":"https:\/\/lesgaletsdemarion.com\/#website"},"primaryImageOfPage":{"@id":"https:\/\/lesgaletsdemarion.com\/index.php\/2026\/02\/05\/offrez-vous-une-bulle-de-creativite-pendant-les-vacances-de-fevrier\/#primaryimage"},"image":{"@id":"https:\/\/lesgaletsdemarion.com\/index.php\/2026\/02\/05\/offrez-vous-une-bulle-de-creativite-pendant-les-vacances-de-fevrier\/#primaryimage"},"thumbnailUrl":"https:\/\/lesgaletsdemarion.com\/wp-content\/uploads\/2026\/02\/ateliers-de-peinture-sur-galets-fevrier-2026-les-galets-de-Marion-Marseille-9-768x1086.png","datePublished":"2026-02-05T20:41:17+00:00","dateModified":"2026-02-05T20:55:24+00:00","description":"Ateliers loisir cr\u00e9atif vacances de f\u00e9vrier Marseille 9eme tout public. Les galets de Marion vous guident dans votre cr\u00e9ation. Sur r\u00e9servation","breadcrumb":{"@id":"https:\/\/lesgaletsdemarion.com\/index.php\/2026\/02\/05\/offrez-vous-une-bulle-de-creativite-pendant-les-vacances-de-fevrier\/#breadcrumb"},"inLanguage":"fr-FR","potentialAction":[{"@type":"ReadAction","target":["https:\/\/lesgaletsdemarion.com\/index.php\/2026\/02\/05\/offrez-vous-une-bulle-de-creativite-pendant-les-vacances-de-fevrier\/"]}]},{"@type":"ImageObject","inLanguage":"fr-FR","@id":"https:\/\/lesgaletsdemarion.com\/index.php\/2026\/02\/05\/offrez-vous-une-bulle-de-creativite-pendant-les-vacances-de-fevrier\/#primaryimage","url":"https:\/\/lesgaletsdemarion.com\/wp-content\/uploads\/2026\/02\/ateliers-de-peinture-sur-galets-fevrier-2026-les-galets-de-Marion-Marseille-9.png","contentUrl":"https:\/\/lesgaletsdemarion.com\/wp-content\/uploads\/2026\/02\/ateliers-de-peinture-sur-galets-fevrier-2026-les-galets-de-Marion-Marseille-9.png","width":1414,"height":2000,"caption":"ateliers de peinture sur galets f\u00e9vrier 2026 les galets de Marion Marseille 9"},{"@type":"BreadcrumbList","@id":"https:\/\/lesgaletsdemarion.com\/index.php\/2026\/02\/05\/offrez-vous-une-bulle-de-creativite-pendant-les-vacances-de-fevrier\/#breadcrumb","itemListElement":[{"@type":"ListItem","position":1,"name":"Accueil","item":"https:\/\/lesgaletsdemarion.com\/"},{"@type":"ListItem","position":2,"name":"Offrez vous une bulle de cr\u00e9ativit\u00e9 pendant les vacances de f\u00e9vrier"}]},{"@type":"WebSite","@id":"https:\/\/lesgaletsdemarion.com\/#website","url":"https:\/\/lesgaletsdemarion.com\/","name":"Les Galets de Marion","description":"Cr\u00e9ations de peinture sur galets animation d&#039;ateliers loisirs cr\u00e9atifs et d&#039;anniversaire cr\u00e9atifs sur Marseille","publisher":{"@id":"https:\/\/lesgaletsdemarion.com\/#organization"},"potentialAction":[{"@type":"SearchAction","target":{"@type":"EntryPoint","urlTemplate":"https:\/\/lesgaletsdemarion.com\/?s={search_term_string}"},"query-input":{"@type":"PropertyValueSpecification","valueRequired":true,"valueName":"search_term_string"}}],"inLanguage":"fr-FR"},{"@type":"Organization","@id":"https:\/\/lesgaletsdemarion.com\/#organization","name":"Les Galets de Marion","url":"https:\/\/lesgaletsdemarion.com\/","logo":{"@type":"ImageObject","inLanguage":"fr-FR","@id":"https:\/\/lesgaletsdemarion.com\/#\/schema\/logo\/image\/","url":"https:\/\/lesgaletsdemarion.com\/wp-content\/uploads\/2023\/08\/Logo_GDM_Bleu.png","contentUrl":"https:\/\/lesgaletsdemarion.com\/wp-content\/uploads\/2023\/08\/Logo_GDM_Bleu.png","width":927,"height":926,"caption":"Les Galets de Marion"},"image":{"@id":"https:\/\/lesgaletsdemarion.com\/#\/schema\/logo\/image\/"},"sameAs":["https:\/\/www.facebook.com\/lesgaletsdemarion\/","https:\/\/www.instagram.com\/lesgaletsdemarion\/"]},{"@type":"Person","@id":"https:\/\/lesgaletsdemarion.com\/#\/schema\/person\/834caeb3bf6733c4269dfdcfc2214e5e","name":"lesgaletsdemarion","image":{"@type":"ImageObject","inLanguage":"fr-FR","@id":"https:\/\/secure.gravatar.com\/avatar\/f0a4ccafbd6d8196c3cc5f474bf445831ba860c6628564a91474cc3e5a30431c?s=96&d=mm&r=g","url":"https:\/\/secure.gravatar.com\/avatar\/f0a4ccafbd6d8196c3cc5f474bf445831ba860c6628564a91474cc3e5a30431c?s=96&d=mm&r=g","contentUrl":"https:\/\/secure.gravatar.com\/avatar\/f0a4ccafbd6d8196c3cc5f474bf445831ba860c6628564a91474cc3e5a30431c?s=96&d=mm&r=g","caption":"lesgaletsdemarion"},"description":"Les galets de Marion vous proposent depuis 2021 des cr\u00e9ations uniques et personnalis\u00e9es de peinture sur galets, des animations d'ateliers de loisirs cr\u00e9atifs sur Marseille 9eme arrondissement et des animations d'anniversaires \u00e0 domicile dans Marseille et ses alentours proches. Retrouvez Les galets de Marion sur les march\u00e9s cr\u00e9ateurs sur Marseille et Cassis","sameAs":["https:\/\/lesgaletsdemarion.com","https:\/\/www.facebook.com\/lesgaletsdemarion?locale=fr_FR"],"url":"https:\/\/lesgaletsdemarion.com\/index.php\/author\/lesgaletsdemarion\/"}]}},"_links":{"self":[{"href":"https:\/\/lesgaletsdemarion.com\/index.php\/wp-json\/wp\/v2\/posts\/3713","targetHints":{"allow":["GET"]}}],"collection":[{"href":"https:\/\/lesgaletsdemarion.com\/index.php\/wp-json\/wp\/v2\/posts"}],"about":[{"href":"https:\/\/lesgaletsdemarion.com\/index.php\/wp-json\/wp\/v2\/types\/post"}],"author":[{"embeddable":true,"href":"https:\/\/lesgaletsdemarion.com\/index.php\/wp-json\/wp\/v2\/users\/1"}],"replies":[{"embeddable":true,"href":"https:\/\/lesgaletsdemarion.com\/index.php\/wp-json\/wp\/v2\/comments?post=3713"}],"version-history":[{"count":8,"href":"https:\/\/lesgaletsdemarion.com\/index.php\/wp-json\/wp\/v2\/posts\/3713\/revisions"}],"predecessor-version":[{"id":3721,"href":"https:\/\/lesgaletsdemarion.com\/index.php\/wp-json\/wp\/v2\/posts\/3713\/revisions\/3721"}],"wp:attachment":[{"href":"https:\/\/lesgaletsdemarion.com\/index.php\/wp-json\/wp\/v2\/media?parent=3713"}],"wp:term":[{"taxonomy":"category","embeddable":true,"href":"https:\/\/lesgaletsdemarion.com\/index.php\/wp-json\/wp\/v2\/categories?post=3713"},{"taxonomy":"post_tag","embeddable":true,"href":"https:\/\/lesgaletsdemarion.com\/index.php\/wp-json\/wp\/v2\/tags?post=3713"}],"curies":[{"name":"wp","href":"https:\/\/api.w.org\/{rel}","templated":true}]}}